{"id":94,"date":"2014-12-05T17:22:14","date_gmt":"2014-12-05T17:22:14","guid":{"rendered":"https:\/\/proex.uepa.br\/index.php\/2014\/12\/05\/festival-de-musica-femuepa\/"},"modified":"2022-11-23T15:34:27","modified_gmt":"2022-11-23T15:34:27","slug":"festival-de-musica-femuepa","status":"publish","type":"post","link":"https:\/\/proex.uepa.br\/index.php\/festival-de-musica-femuepa\/","title":{"rendered":"Festival de M\u00fasica &#8211; FEMUEPA"},"content":{"rendered":"\n<figure class=\"wp-block-image aligncenter size-full\"><img loading=\"lazy\" decoding=\"async\" width=\"870\" height=\"507\" src=\"https:\/\/proex.uepa.br\/wp-content\/uploads\/2022\/11\/Logo_FEMUEPA.jpg\" alt=\"\" class=\"wp-image-326\" srcset=\"https:\/\/proex.uepa.br\/wp-content\/uploads\/2022\/11\/Logo_FEMUEPA.jpg 870w, https:\/\/proex.uepa.br\/wp-content\/uploads\/2022\/11\/Logo_FEMUEPA-300x175.jpg 300w, https:\/\/proex.uepa.br\/wp-content\/uploads\/2022\/11\/Logo_FEMUEPA-768x448.jpg 768w\" sizes=\"auto, (max-width: 870px) 100vw, 870px\" \/><\/figure>\n\n\n\n<p>&nbsp;<\/p>\n\n\n\n<p><strong>Not\u00edcias sobre o evento:<\/strong><\/p>\n\n\n\n<p class=\"has-text-align-center\">&nbsp;<\/p>\n\n\n\n<figure class=\"wp-block-image aligncenter size-full\"><img loading=\"lazy\" decoding=\"async\" width=\"450\" height=\"269\" src=\"https:\/\/proex.uepa.br\/wp-content\/uploads\/2022\/11\/IIfestival-musica_2014-mf.jpg\" alt=\"\" class=\"wp-image-327\" srcset=\"https:\/\/proex.uepa.br\/wp-content\/uploads\/2022\/11\/IIfestival-musica_2014-mf.jpg 450w, https:\/\/proex.uepa.br\/wp-content\/uploads\/2022\/11\/IIfestival-musica_2014-mf-300x179.jpg 300w\" sizes=\"auto, (max-width: 450px) 100vw, 450px\" \/><\/figure>\n\n\n\n<p class=\"has-text-align-center\"><\/p>\n\n\n\n<p class=\"has-text-align-center\">Abertura do evento II Festival de M\u00fasica da Uepa.<\/p>\n\n\n\n<p class=\"has-text-align-center\">Na foto acima, a Pr\u00f3-Reitora de Extens\u00e3o, Prof\u00aa Dr\u00aa Mariane Cordeiro Alves Franco.<\/p>\n\n\n\n<p class=\"has-text-align-center\">&nbsp;<\/p>\n\n\n\n<figure class=\"wp-block-image aligncenter size-large\"><img loading=\"lazy\" decoding=\"async\" width=\"1024\" height=\"576\" src=\"https:\/\/proex.uepa.br\/wp-content\/uploads\/2022\/11\/IIfestival-musica_2014-1024x576.jpg\" alt=\"\" class=\"wp-image-328\" srcset=\"https:\/\/proex.uepa.br\/wp-content\/uploads\/2022\/11\/IIfestival-musica_2014-1024x576.jpg 1024w, https:\/\/proex.uepa.br\/wp-content\/uploads\/2022\/11\/IIfestival-musica_2014-300x169.jpg 300w, https:\/\/proex.uepa.br\/wp-content\/uploads\/2022\/11\/IIfestival-musica_2014-768x432.jpg 768w, https:\/\/proex.uepa.br\/wp-content\/uploads\/2022\/11\/IIfestival-musica_2014-1536x865.jpg 1536w, https:\/\/proex.uepa.br\/wp-content\/uploads\/2022\/11\/IIfestival-musica_2014-2048x1153.jpg 2048w\" sizes=\"auto, (max-width: 1024px) 100vw, 1024px\" \/><\/figure>\n\n\n\n<p class=\"has-text-align-center\"><\/p>\n\n\n\n<p class=\"has-text-align-center\">Vencedores do II Festival de M\u00fasica da Uepa, realizado nos dias 26 e 27 de novembro de 2014, no Audit\u00f3rio Paulo Freire do Centro de Ci\u00eancias Sociais e Educa\u00e7\u00e3o\/CCSE.<\/p>\n\n\n\n<p class=\"has-text-align-center\">&nbsp;<\/p>\n\n\n\n<p class=\"has-text-align-center\">Veja mais fotos nos links abaixo:&nbsp;<\/p>\n\n\n\n<p class=\"has-text-align-center\">Dia 26\/11\/2014 (Abertura) &#8211;&nbsp;<a href=\"https:\/\/www.flickr.com\/photos\/biuepa\/sets\/72157649487775402\">https:\/\/www.flickr.com\/photos\/biuepa\/sets\/72157649487775402<\/a><\/p>\n\n\n\n<p class=\"has-text-align-center\">Dia 27\/11\/2014 (Final) &#8211;&nbsp;<a href=\"https:\/\/www.flickr.com\/photos\/biuepa\/sets\/72157649094664569\">https:\/\/www.flickr.com\/photos\/biuepa\/sets\/72157649094664569<\/a><\/p>\n","protected":false},"excerpt":{"rendered":"<p>&nbsp; Not\u00edcias sobre o evento: &nbsp; Abertura do evento II Festival de M\u00fasica da Uepa. Na foto acima, a Pr\u00f3-Reitora de Extens\u00e3o, Prof\u00aa Dr\u00aa Mariane Cordeiro Alves Franco. &nbsp; Vencedores do II Festival de M\u00fasica da Uepa, realizado nos dias 26 e 27 de novembro de 2014, no Audit\u00f3rio Paulo Freire do Centro de Ci\u00eancias &hellip;<\/p>\n<p class=\"read-more\"> <a class=\"\" href=\"https:\/\/proex.uepa.br\/index.php\/festival-de-musica-femuepa\/\"> <span class=\"screen-reader-text\">Festival de M\u00fasica &#8211; FEMUEPA<\/span> Leia mais &raquo;<\/a><\/p>\n","protected":false},"author":1,"featured_media":0,"comment_status":"open","ping_status":"open","sticky":false,"template":"","format":"standard","meta":{"_uag_custom_page_level_css":"","site-sidebar-layout":"default","site-content-layout":"","ast-site-content-layout":"","site-content-style":"default","site-sidebar-style":"default","ast-global-header-display":"","ast-banner-title-visibility":"","ast-main-header-display":"","ast-hfb-above-header-display":"","ast-hfb-below-header-display":"","ast-hfb-mobile-header-display":"","site-post-title":"disabled","ast-breadcrumbs-content":"","ast-featured-img":"","footer-sml-layout":"","theme-transparent-header-meta":"","adv-header-id-meta":"","stick-header-meta":"","header-above-stick-meta":"","header-main-stick-meta":"","header-below-stick-meta":"","astra-migrate-meta-layouts":"","ast-page-background-enabled":"default","ast-page-background-meta":{"desktop":{"background-color":"var(--ast-global-color-4)","background-image":"","background-repeat":"repeat","background-position":"center center","background-size":"auto","background-attachment":"scroll","background-type":"","background-media":"","overlay-type":"","overlay-color":"","overlay-gradient":""},"tablet":{"background-color":"","background-image":"","background-repeat":"repeat","background-position":"center center","background-size":"auto","background-attachment":"scroll","background-type":"","background-media":"","overlay-type":"","overlay-color":"","overlay-gradient":""},"mobile":{"background-color":"","background-image":"","background-repeat":"repeat","background-position":"center center","background-size":"auto","background-attachment":"scroll","background-type":"","background-media":"","overlay-type":"","overlay-color":"","overlay-gradient":""}},"ast-content-background-meta":{"desktop":{"background-color":"var(--ast-global-color-5)","background-image":"","background-repeat":"repeat","background-position":"center center","background-size":"auto","background-attachment":"scroll","background-type":"","background-media":"","overlay-type":"","overlay-color":"","overlay-gradient":""},"tablet":{"background-color":"var(--ast-global-color-5)","background-image":"","background-repeat":"repeat","background-position":"center center","background-size":"auto","background-attachment":"scroll","background-type":"","background-media":"","overlay-type":"","overlay-color":"","overlay-gradient":""},"mobile":{"background-color":"var(--ast-global-color-5)","background-image":"","background-repeat":"repeat","background-position":"center center","background-size":"auto","background-attachment":"scroll","background-type":"","background-media":"","overlay-type":"","overlay-color":"","overlay-gradient":""}},"footnotes":""},"categories":[1],"tags":[],"class_list":["post-94","post","type-post","status-publish","format-standard","hentry","category-uncategorized"],"uagb_featured_image_src":{"full":false,"thumbnail":false,"medium":false,"medium_large":false,"large":false,"1536x1536":false,"2048x2048":false},"uagb_author_info":{"display_name":"adminsites@uepa.br","author_link":"https:\/\/proex.uepa.br\/index.php\/author\/adminsitesuepa-br\/"},"uagb_comment_info":0,"uagb_excerpt":"&nbsp; Not\u00edcias sobre o evento: &nbsp; Abertura do evento II Festival de M\u00fasica da Uepa. Na foto acima, a Pr\u00f3-Reitora de Extens\u00e3o, Prof\u00aa Dr\u00aa Mariane Cordeiro Alves Franco. &nbsp; Vencedores do II Festival de M\u00fasica da Uepa, realizado nos dias 26 e 27 de novembro de 2014, no Audit\u00f3rio Paulo Freire do Centro de Ci\u00eancias&hellip;","_links":{"self":[{"href":"https:\/\/proex.uepa.br\/index.php\/wp-json\/wp\/v2\/posts\/94","targetHints":{"allow":["GET"]}}],"collection":[{"href":"https:\/\/proex.uepa.br\/index.php\/wp-json\/wp\/v2\/posts"}],"about":[{"href":"https:\/\/proex.uepa.br\/index.php\/wp-json\/wp\/v2\/types\/post"}],"author":[{"embeddable":true,"href":"https:\/\/proex.uepa.br\/index.php\/wp-json\/wp\/v2\/users\/1"}],"replies":[{"embeddable":true,"href":"https:\/\/proex.uepa.br\/index.php\/wp-json\/wp\/v2\/comments?post=94"}],"version-history":[{"count":2,"href":"https:\/\/proex.uepa.br\/index.php\/wp-json\/wp\/v2\/posts\/94\/revisions"}],"predecessor-version":[{"id":330,"href":"https:\/\/proex.uepa.br\/index.php\/wp-json\/wp\/v2\/posts\/94\/revisions\/330"}],"wp:attachment":[{"href":"https:\/\/proex.uepa.br\/index.php\/wp-json\/wp\/v2\/media?parent=94"}],"wp:term":[{"taxonomy":"category","embeddable":true,"href":"https:\/\/proex.uepa.br\/index.php\/wp-json\/wp\/v2\/categories?post=94"},{"taxonomy":"post_tag","embeddable":true,"href":"https:\/\/proex.uepa.br\/index.php\/wp-json\/wp\/v2\/tags?post=94"}],"curies":[{"name":"wp","href":"https:\/\/api.w.org\/{rel}","templated":true}]}}