{"id":91,"date":"2014-07-31T12:16:16","date_gmt":"2014-07-31T12:16:16","guid":{"rendered":"https:\/\/proex.uepa.br\/index.php\/2014\/07\/31\/noticia-ascom\/"},"modified":"2014-07-31T12:16:16","modified_gmt":"2014-07-31T12:16:16","slug":"noticia-ascom","status":"publish","type":"post","link":"https:\/\/proex.uepa.br\/index.php\/noticia-ascom\/","title":{"rendered":"ASCOM\/UEPA &#8211; Participa\u00e7\u00f5es da PROEX"},"content":{"rendered":"<p style=\"text-align: center;\">Abaixo, voc\u00ea poder\u00e1 conferir imagens registradas pela Assessoria de Comunica\u00e7\u00e3o (ASCOM) da Universidade do Estado do Par\u00e1 (UEPA) de algumas a\u00e7\u00f5es realizadas pela Pr\u00f3-Reitoria de Extens\u00e3o (PROEX) por meio de seus Programas e Projetos de Extens\u00e3o:<\/p>\n<hr \/>\n<p style=\"text-align: center;\">&nbsp;<\/p>\n<p style=\"text-align: center;\">&nbsp;<\/p>\n<p style=\"text-align: center;\"><img loading=\"lazy\" decoding=\"async\" src=\"images\/figuras\/folia-reis.jpg\" alt=\"folia-reis\" width=\"366\" height=\"244\" \/><\/p>\n<p style=\"text-align: center;\">Folia de Reis &#8211; 2015 (jan\/2015)<\/p>\n<p style=\"text-align: center;\">[confira mais fotos no link:&nbsp;<a href=\"https:\/\/www.flickr.com\/photos\/biuepa\/sets\/72157647830463773\">https:\/\/www.flickr.com\/photos\/biuepa\/sets\/72157647830463773<\/a>]<\/p>\n<p style=\"text-align: center;\">&nbsp;<\/p>\n<p style=\"text-align: center;\"><img loading=\"lazy\" decoding=\"async\" style=\"display: block; margin-left: auto; margin-right: auto;\" src=\"images\/figuras\/semana-saude-ccbs-aldeiacabana1.jpg\" alt=\"semana-saude-ccbs-aldeiacabana1\" width=\"369\" height=\"246\" \/><\/p>\n<p style=\"text-align: center;\">Participa\u00e7\u00e3o na X Semana da Sa\u00fade &#8211; CCBS\/UEPA (nov\/2013)<\/p>\n<p style=\"text-align: center;\">[confira mais fotos no link: <a href=\"https:\/\/www.flickr.com\/photos\/biuepa\/sets\/72157638279252293\">https:\/\/www.flickr.com\/photos\/biuepa\/sets\/72157638279252293<\/a>]<\/p>\n<p style=\"text-align: center;\">&nbsp;<\/p>\n<p style=\"text-align: center;\">&nbsp;<\/p>\n<p style=\"text-align: center;\"><img loading=\"lazy\" decoding=\"async\" src=\"images\/figuras\/Inauguracao-planetario.jpg\" alt=\"Inauguracao-planetario\" width=\"371\" height=\"247\" \/><\/p>\n<p style=\"text-align: center;\">Participa\u00e7\u00e3o na Inaugura\u00e7\u00e3o do Centro de Ci\u00eancias e Planet\u00e1rio do Par\u00e1 &#8220;Sebasti\u00e3o Sodr\u00e9 da Gama&#8221; (out\/2012)<\/p>\n<p style=\"text-align: center;\">[confira mais fotos no link:&nbsp;<a href=\"https:\/\/www.flickr.com\/photos\/biuepa\/sets\/72157631739194387\">https:\/\/www.flickr.com\/photos\/biuepa\/sets\/72157631739194387<\/a>]<\/p>\n<p style=\"text-align: center;\">&nbsp;<\/p>\n","protected":false},"excerpt":{"rendered":"<p>Abaixo, voc\u00ea poder\u00e1 conferir imagens registradas pela Assessoria de Comunica\u00e7\u00e3o (ASCOM) da Universidade do Estado do Par\u00e1 (UEPA) de algumas a\u00e7\u00f5es realizadas pela Pr\u00f3-Reitoria de Extens\u00e3o (PROEX) por meio de seus Programas e Projetos de Extens\u00e3o: &nbsp; &nbsp; Folia de Reis &#8211; 2015 (jan\/2015) [confira mais fotos no link:&nbsp;https:\/\/www.flickr.com\/photos\/biuepa\/sets\/72157647830463773] &nbsp; Participa\u00e7\u00e3o na X Semana da &hellip;<\/p>\n<p class=\"read-more\"> <a class=\"\" href=\"https:\/\/proex.uepa.br\/index.php\/noticia-ascom\/\"> <span class=\"screen-reader-text\">ASCOM\/UEPA &#8211; Participa\u00e7\u00f5es da PROEX<\/span> Leia mais &raquo;<\/a><\/p>\n","protected":false},"author":1,"featured_media":0,"comment_status":"open","ping_status":"open","sticky":false,"template":"","format":"standard","meta":{"_uag_custom_page_level_css":"","site-sidebar-layout":"default","site-content-layout":"","ast-site-content-layout":"","site-content-style":"default","site-sidebar-style":"default","ast-global-header-display":"","ast-banner-title-visibility":"","ast-main-header-display":"","ast-hfb-above-header-display":"","ast-hfb-below-header-display":"","ast-hfb-mobile-header-display":"","site-post-title":"","ast-breadcrumbs-content":"","ast-featured-img":"","footer-sml-layout":"","theme-transparent-header-meta":"","adv-header-id-meta":"","stick-header-meta":"","header-above-stick-meta":"","header-main-stick-meta":"","header-below-stick-meta":"","astra-migrate-meta-layouts":"","ast-page-background-enabled":"default","ast-page-background-meta":{"desktop":{"background-color":"var(--ast-global-color-4)","background-image":"","background-repeat":"repeat","background-position":"center center","background-size":"auto","background-attachment":"scroll","background-type":"","background-media":"","overlay-type":"","overlay-color":"","overlay-gradient":""},"tablet":{"background-color":"","background-image":"","background-repeat":"repeat","background-position":"center center","background-size":"auto","background-attachment":"scroll","background-type":"","background-media":"","overlay-type":"","overlay-color":"","overlay-gradient":""},"mobile":{"background-color":"","background-image":"","background-repeat":"repeat","background-position":"center center","background-size":"auto","background-attachment":"scroll","background-type":"","background-media":"","overlay-type":"","overlay-color":"","overlay-gradient":""}},"ast-content-background-meta":{"desktop":{"background-color":"var(--ast-global-color-5)","background-image":"","background-repeat":"repeat","background-position":"center center","background-size":"auto","background-attachment":"scroll","background-type":"","background-media":"","overlay-type":"","overlay-color":"","overlay-gradient":""},"tablet":{"background-color":"var(--ast-global-color-5)","background-image":"","background-repeat":"repeat","background-position":"center center","background-size":"auto","background-attachment":"scroll","background-type":"","background-media":"","overlay-type":"","overlay-color":"","overlay-gradient":""},"mobile":{"background-color":"var(--ast-global-color-5)","background-image":"","background-repeat":"repeat","background-position":"center center","background-size":"auto","background-attachment":"scroll","background-type":"","background-media":"","overlay-type":"","overlay-color":"","overlay-gradient":""}},"footnotes":""},"categories":[6],"tags":[],"class_list":["post-91","post","type-post","status-publish","format-standard","hentry","category-noticias-de-extensao"],"uagb_featured_image_src":{"full":false,"thumbnail":false,"medium":false,"medium_large":false,"large":false,"1536x1536":false,"2048x2048":false},"uagb_author_info":{"display_name":"adminsites@uepa.br","author_link":"https:\/\/proex.uepa.br\/index.php\/author\/adminsitesuepa-br\/"},"uagb_comment_info":1,"uagb_excerpt":"Abaixo, voc\u00ea poder\u00e1 conferir imagens registradas pela Assessoria de Comunica\u00e7\u00e3o (ASCOM) da Universidade do Estado do Par\u00e1 (UEPA) de algumas a\u00e7\u00f5es realizadas pela Pr\u00f3-Reitoria de Extens\u00e3o (PROEX) por meio de seus Programas e Projetos de Extens\u00e3o: &nbsp; &nbsp; Folia de Reis &#8211; 2015 (jan\/2015) [confira mais fotos no link:&nbsp;https:\/\/www.flickr.com\/photos\/biuepa\/sets\/72157647830463773] &nbsp; Participa\u00e7\u00e3o na X Semana da&hellip;","_links":{"self":[{"href":"https:\/\/proex.uepa.br\/index.php\/wp-json\/wp\/v2\/posts\/91","targetHints":{"allow":["GET"]}}],"collection":[{"href":"https:\/\/proex.uepa.br\/index.php\/wp-json\/wp\/v2\/posts"}],"about":[{"href":"https:\/\/proex.uepa.br\/index.php\/wp-json\/wp\/v2\/types\/post"}],"author":[{"embeddable":true,"href":"https:\/\/proex.uepa.br\/index.php\/wp-json\/wp\/v2\/users\/1"}],"replies":[{"embeddable":true,"href":"https:\/\/proex.uepa.br\/index.php\/wp-json\/wp\/v2\/comments?post=91"}],"version-history":[{"count":0,"href":"https:\/\/proex.uepa.br\/index.php\/wp-json\/wp\/v2\/posts\/91\/revisions"}],"wp:attachment":[{"href":"https:\/\/proex.uepa.br\/index.php\/wp-json\/wp\/v2\/media?parent=91"}],"wp:term":[{"taxonomy":"category","embeddable":true,"href":"https:\/\/proex.uepa.br\/index.php\/wp-json\/wp\/v2\/categories?post=91"},{"taxonomy":"post_tag","embeddable":true,"href":"https:\/\/proex.uepa.br\/index.php\/wp-json\/wp\/v2\/tags?post=91"}],"curies":[{"name":"wp","href":"https:\/\/api.w.org\/{rel}","templated":true}]}}