{"id":86,"date":"2014-07-30T13:13:19","date_gmt":"2014-07-30T13:13:19","guid":{"rendered":"https:\/\/proex.uepa.br\/index.php\/2014\/07\/30\/encontro-de-parcerias-prefeituras-e-proex-uepa\/"},"modified":"2014-07-30T13:13:19","modified_gmt":"2014-07-30T13:13:19","slug":"encontro-de-parcerias-prefeituras-e-proex-uepa","status":"publish","type":"post","link":"https:\/\/proex.uepa.br\/index.php\/encontro-de-parcerias-prefeituras-e-proex-uepa\/","title":{"rendered":"Encontro de Parcerias: Prefeituras e PROEX\/UEPA"},"content":{"rendered":"<p style=\"margin-bottom: 0.0001pt; text-align: justify;\"><span style=\"font-size: 12pt; line-height: 115%; font-family: 'Times New Roman', serif;\">O evento &#8220;Encontro de Parcerias: Prefeituras e PROEX\/UEPA&#8221; consiste em um momento de integra\u00e7\u00e3o de prefeituras municipais e a Universidade do Estado do Par\u00e1, por interm\u00e9dio da Pr\u00f3-Reitoria de Extens\u00e3o. A finalidade maior do evento \u00e9 a divulga\u00e7\u00e3o dos projetos e programas desta IES\/UEPA \u00e0s autoridades municipais e, conjuntamente, encontrar solu\u00e7\u00f5es e\/ou alternativas para a realiza\u00e7\u00e3o destes, bem como o custeio de sua execu\u00e7\u00e3o. Algumas das prefeituras participantes, por meio de Termos de Coopera\u00e7\u00e3o, atenderam nossas propostas e, promovendo parcerias, efetivaram a pr\u00e1tica do ensino ministrado em sala de aula, ressaltando o papel da Extens\u00e3o na vida de discentes, docentes e comunidade externa.&nbsp;<\/span><\/p>\n<p style=\"margin-bottom: 0.0001pt;\">&nbsp;<\/p>\n<p style=\"margin-bottom: 0.0001pt;\"><span style=\"font-family: 'Times New Roman', serif; font-size: 12pt; line-height: 115%;\"><strong>I Encontro de Parcerias<\/strong> (25\/06\/2013), Audit\u00f3rio UEAFTO\/CCBS\/UEPA<\/span><\/p>\n<p style=\"margin-bottom: 0.0001pt; text-indent: 35.4pt;\"><span style=\"color: #3366ff;\"><a href=\"https:\/\/proex.uepa.br\/wp-content\/uploads\/2014\/07\/I-Encontro-de-Parcerias-Prefeituras-e-PROEX-livreto.pdf\" target=\"_blank\" rel=\"noopener\"><span style=\"font-size: 12pt; line-height: 115%; font-family: 'Times New Roman', serif; color: #3366ff;\">I Encontro de Parcerias<\/span><\/a><\/span><\/p>\n<p style=\"margin-bottom: 0.0001pt;\">&nbsp;<\/p>\n<p style=\"margin-bottom: 0.0001pt;\"><span style=\"font-size: 12pt; line-height: 115%; font-family: 'Times New Roman', serif;\"><strong>II Encontro de Parcerias<\/strong> (02\/07\/2014), Sala de Recitais\/CCSE\/UEPA<\/span><\/p>\n<p style=\"margin-bottom: 0.0001pt; text-indent: 35.4pt;\"><span style=\"color: #3366ff;\"><a href=\"https:\/\/proex.uepa.br\/wp-content\/uploads\/2014\/07\/II-Encontro-de-Parcerias-Prefeituras-e-PROEX-livreto.pdf\" target=\"_blank\" rel=\"noopener\"><span style=\"font-size: 12pt; line-height: 115%; font-family: 'Times New Roman', serif; color: #3366ff;\">II Encontro de Parcerias<\/span><\/a><\/span><\/p>\n","protected":false},"excerpt":{"rendered":"<p>O evento &#8220;Encontro de Parcerias: Prefeituras e PROEX\/UEPA&#8221; consiste em um momento de integra\u00e7\u00e3o de prefeituras municipais e a Universidade do Estado do Par\u00e1, por interm\u00e9dio da Pr\u00f3-Reitoria de Extens\u00e3o. A finalidade maior do evento \u00e9 a divulga\u00e7\u00e3o dos projetos e programas desta IES\/UEPA \u00e0s autoridades municipais e, conjuntamente, encontrar solu\u00e7\u00f5es e\/ou alternativas para a &hellip;<\/p>\n<p class=\"read-more\"> <a class=\"\" href=\"https:\/\/proex.uepa.br\/index.php\/encontro-de-parcerias-prefeituras-e-proex-uepa\/\"> <span class=\"screen-reader-text\">Encontro de Parcerias: Prefeituras e PROEX\/UEPA<\/span> Leia mais &raquo;<\/a><\/p>\n","protected":false},"author":1,"featured_media":0,"comment_status":"open","ping_status":"open","sticky":false,"template":"","format":"standard","meta":{"_uag_custom_page_level_css":"","site-sidebar-layout":"default","site-content-layout":"","ast-site-content-layout":"","site-content-style":"default","site-sidebar-style":"default","ast-global-header-display":"","ast-banner-title-visibility":"","ast-main-header-display":"","ast-hfb-above-header-display":"","ast-hfb-below-header-display":"","ast-hfb-mobile-header-display":"","site-post-title":"","ast-breadcrumbs-content":"","ast-featured-img":"","footer-sml-layout":"","theme-transparent-header-meta":"","adv-header-id-meta":"","stick-header-meta":"","header-above-stick-meta":"","header-main-stick-meta":"","header-below-stick-meta":"","astra-migrate-meta-layouts":"","ast-page-background-enabled":"default","ast-page-background-meta":{"desktop":{"background-color":"var(--ast-global-color-4)","background-image":"","background-repeat":"repeat","background-position":"center center","background-size":"auto","background-attachment":"scroll","background-type":"","background-media":"","overlay-type":"","overlay-color":"","overlay-gradient":""},"tablet":{"background-color":"","background-image":"","background-repeat":"repeat","background-position":"center center","background-size":"auto","background-attachment":"scroll","background-type":"","background-media":"","overlay-type":"","overlay-color":"","overlay-gradient":""},"mobile":{"background-color":"","background-image":"","background-repeat":"repeat","background-position":"center center","background-size":"auto","background-attachment":"scroll","background-type":"","background-media":"","overlay-type":"","overlay-color":"","overlay-gradient":""}},"ast-content-background-meta":{"desktop":{"background-color":"var(--ast-global-color-5)","background-image":"","background-repeat":"repeat","background-position":"center center","background-size":"auto","background-attachment":"scroll","background-type":"","background-media":"","overlay-type":"","overlay-color":"","overlay-gradient":""},"tablet":{"background-color":"var(--ast-global-color-5)","background-image":"","background-repeat":"repeat","background-position":"center center","background-size":"auto","background-attachment":"scroll","background-type":"","background-media":"","overlay-type":"","overlay-color":"","overlay-gradient":""},"mobile":{"background-color":"var(--ast-global-color-5)","background-image":"","background-repeat":"repeat","background-position":"center center","background-size":"auto","background-attachment":"scroll","background-type":"","background-media":"","overlay-type":"","overlay-color":"","overlay-gradient":""}},"footnotes":""},"categories":[1],"tags":[],"class_list":["post-86","post","type-post","status-publish","format-standard","hentry","category-uncategorized"],"uagb_featured_image_src":{"full":false,"thumbnail":false,"medium":false,"medium_large":false,"large":false,"1536x1536":false,"2048x2048":false},"uagb_author_info":{"display_name":"adminsites@uepa.br","author_link":"https:\/\/proex.uepa.br\/index.php\/author\/adminsitesuepa-br\/"},"uagb_comment_info":0,"uagb_excerpt":"O evento &#8220;Encontro de Parcerias: Prefeituras e PROEX\/UEPA&#8221; consiste em um momento de integra\u00e7\u00e3o de prefeituras municipais e a Universidade do Estado do Par\u00e1, por interm\u00e9dio da Pr\u00f3-Reitoria de Extens\u00e3o. A finalidade maior do evento \u00e9 a divulga\u00e7\u00e3o dos projetos e programas desta IES\/UEPA \u00e0s autoridades municipais e, conjuntamente, encontrar solu\u00e7\u00f5es e\/ou alternativas para a&hellip;","_links":{"self":[{"href":"https:\/\/proex.uepa.br\/index.php\/wp-json\/wp\/v2\/posts\/86","targetHints":{"allow":["GET"]}}],"collection":[{"href":"https:\/\/proex.uepa.br\/index.php\/wp-json\/wp\/v2\/posts"}],"about":[{"href":"https:\/\/proex.uepa.br\/index.php\/wp-json\/wp\/v2\/types\/post"}],"author":[{"embeddable":true,"href":"https:\/\/proex.uepa.br\/index.php\/wp-json\/wp\/v2\/users\/1"}],"replies":[{"embeddable":true,"href":"https:\/\/proex.uepa.br\/index.php\/wp-json\/wp\/v2\/comments?post=86"}],"version-history":[{"count":0,"href":"https:\/\/proex.uepa.br\/index.php\/wp-json\/wp\/v2\/posts\/86\/revisions"}],"wp:attachment":[{"href":"https:\/\/proex.uepa.br\/index.php\/wp-json\/wp\/v2\/media?parent=86"}],"wp:term":[{"taxonomy":"category","embeddable":true,"href":"https:\/\/proex.uepa.br\/index.php\/wp-json\/wp\/v2\/categories?post=86"},{"taxonomy":"post_tag","embeddable":true,"href":"https:\/\/proex.uepa.br\/index.php\/wp-json\/wp\/v2\/tags?post=86"}],"curies":[{"name":"wp","href":"https:\/\/api.w.org\/{rel}","templated":true}]}}