{"id":66,"date":"2014-07-30T13:06:55","date_gmt":"2014-07-30T13:06:55","guid":{"rendered":"https:\/\/proex.uepa.br\/index.php\/2014\/07\/30\/cine-clube-uepa\/"},"modified":"2025-10-28T13:07:42","modified_gmt":"2025-10-28T13:07:42","slug":"festival-cultura-uepa","status":"publish","type":"post","link":"https:\/\/proex.uepa.br\/index.php\/festival-cultura-uepa\/","title":{"rendered":"Festival de Arte e Cultura"},"content":{"rendered":"\n<p class=\"has-text-align-center\"><strong>NOTA<\/strong><\/p>\n\n\n\n<p class=\"has-text-align-center\"><strong>Festival de Arte e Cultura em Tempos de COP30 \u2013 Amaz\u00f4nia \u00e9 Palco: Rios de Criatividade, Floresta de Cultura<\/strong><\/p>\n\n\n\n<p>A Universidade do Estado do Par\u00e1 (UEPA), por meio da Pr\u00f3-Reitoria de Extens\u00e3o (PROEX), realizar\u00e1 o Festival de Arte e Cultura em Tempos de COP30 \u2013 Amaz\u00f4nia \u00e9 Palco: Rios de Criatividade, Floresta de Cultura, no dia 30 de outubro, \u00e0s 18h, no Audit\u00f3rio Paulo Freire, Campus I (CCSE).<\/p>\n\n\n\n<p>O evento reunir\u00e1 apresenta\u00e7\u00f5es de projetos art\u00edsticos e culturais desenvolvidos por discentes da UEPA, nas \u00e1reas de m\u00fasica, dan\u00e7a, fotografia e inclus\u00e3o, com o objetivo de valorizar a produ\u00e7\u00e3o cultural e o protagonismo estudantil.<\/p>\n\n\n\n<p>As obras finalistas est\u00e3o dispon\u00edveis para vota\u00e7\u00e3o popular no perfil do Instagram da Pr\u00f3-Reitoria de Extens\u00e3o (@proexuepa) As produ\u00e7\u00f5es que obtiverem mais curtidas e compartilhamentos ser\u00e3o as vencedoras de cada categoria.<\/p>\n\n\n\n<p>O Festival \u00e9 aberto \u00e0 comunidade acad\u00eamica e ao p\u00fablico em geral, com emiss\u00e3o de certificados de participa\u00e7\u00e3o.<br>Venha celebrar a criatividade, a arte e a cultura amaz\u00f4nica!<\/p>\n\n\n\n<p class=\"has-text-align-center\"><\/p>\n\n\n\n<p class=\"has-text-align-center\">&nbsp;<\/p>\n\n\n\n<p><\/p>\n","protected":false},"excerpt":{"rendered":"<p>NOTA Festival de Arte e Cultura em Tempos de COP30 \u2013 Amaz\u00f4nia \u00e9 Palco: Rios de Criatividade, Floresta de Cultura A Universidade do Estado do Par\u00e1 (UEPA), por meio da Pr\u00f3-Reitoria de Extens\u00e3o (PROEX), realizar\u00e1 o Festival de Arte e Cultura em Tempos de COP30 \u2013 Amaz\u00f4nia \u00e9 Palco: Rios de Criatividade, Floresta de Cultura, &hellip;<\/p>\n<p class=\"read-more\"> <a class=\"\" href=\"https:\/\/proex.uepa.br\/index.php\/festival-cultura-uepa\/\"> <span class=\"screen-reader-text\">Festival de Arte e Cultura<\/span> Leia mais &raquo;<\/a><\/p>\n","protected":false},"author":1,"featured_media":1136,"comment_status":"open","ping_status":"open","sticky":false,"template":"","format":"standard","meta":{"_uag_custom_page_level_css":"","site-sidebar-layout":"default","site-content-layout":"","ast-site-content-layout":"default","site-content-style":"default","site-sidebar-style":"default","ast-global-header-display":"","ast-banner-title-visibility":"","ast-main-header-display":"","ast-hfb-above-header-display":"","ast-hfb-below-header-display":"","ast-hfb-mobile-header-display":"","site-post-title":"","ast-breadcrumbs-content":"","ast-featured-img":"","footer-sml-layout":"","theme-transparent-header-meta":"","adv-header-id-meta":"","stick-header-meta":"","header-above-stick-meta":"","header-main-stick-meta":"","header-below-stick-meta":"","astra-migrate-meta-layouts":"set","ast-page-background-enabled":"default","ast-page-background-meta":{"desktop":{"background-color":"var(--ast-global-color-4)","background-image":"","background-repeat":"repeat","background-position":"center center","background-size":"auto","background-attachment":"scroll","background-type":"","background-media":"","overlay-type":"","overlay-color":"","overlay-gradient":""},"tablet":{"background-color":"","background-image":"","background-repeat":"repeat","background-position":"center center","background-size":"auto","background-attachment":"scroll","background-type":"","background-media":"","overlay-type":"","overlay-color":"","overlay-gradient":""},"mobile":{"background-color":"","background-image":"","background-repeat":"repeat","background-position":"center center","background-size":"auto","background-attachment":"scroll","background-type":"","background-media":"","overlay-type":"","overlay-color":"","overlay-gradient":""}},"ast-content-background-meta":{"desktop":{"background-color":"var(--ast-global-color-5)","background-image":"","background-repeat":"repeat","background-position":"center center","background-size":"auto","background-attachment":"scroll","background-type":"","background-media":"","overlay-type":"","overlay-color":"","overlay-gradient":""},"tablet":{"background-color":"var(--ast-global-color-5)","background-image":"","background-repeat":"repeat","background-position":"center center","background-size":"auto","background-attachment":"scroll","background-type":"","background-media":"","overlay-type":"","overlay-color":"","overlay-gradient":""},"mobile":{"background-color":"var(--ast-global-color-5)","background-image":"","background-repeat":"repeat","background-position":"center center","background-size":"auto","background-attachment":"scroll","background-type":"","background-media":"","overlay-type":"","overlay-color":"","overlay-gradient":""}},"footnotes":""},"categories":[3],"tags":[],"class_list":["post-66","post","type-post","status-publish","format-standard","has-post-thumbnail","hentry","category-programas-e-projetos"],"uagb_featured_image_src":{"full":["https:\/\/proex.uepa.br\/wp-content\/uploads\/2014\/07\/Design-sem-nome-21.png",1920,1080,false],"thumbnail":["https:\/\/proex.uepa.br\/wp-content\/uploads\/2014\/07\/Design-sem-nome-21-150x150.png",150,150,true],"medium":["https:\/\/proex.uepa.br\/wp-content\/uploads\/2014\/07\/Design-sem-nome-21-300x169.png",300,169,true],"medium_large":["https:\/\/proex.uepa.br\/wp-content\/uploads\/2014\/07\/Design-sem-nome-21-768x432.png",768,432,true],"large":["https:\/\/proex.uepa.br\/wp-content\/uploads\/2014\/07\/Design-sem-nome-21-1024x576.png",1024,576,true],"1536x1536":["https:\/\/proex.uepa.br\/wp-content\/uploads\/2014\/07\/Design-sem-nome-21-1536x864.png",1536,864,true],"2048x2048":["https:\/\/proex.uepa.br\/wp-content\/uploads\/2014\/07\/Design-sem-nome-21.png",1920,1080,false]},"uagb_author_info":{"display_name":"adminsites@uepa.br","author_link":"https:\/\/proex.uepa.br\/index.php\/author\/adminsitesuepa-br\/"},"uagb_comment_info":53,"uagb_excerpt":"NOTA Festival de Arte e Cultura em Tempos de COP30 \u2013 Amaz\u00f4nia \u00e9 Palco: Rios de Criatividade, Floresta de Cultura A Universidade do Estado do Par\u00e1 (UEPA), por meio da Pr\u00f3-Reitoria de Extens\u00e3o (PROEX), realizar\u00e1 o Festival de Arte e Cultura em Tempos de COP30 \u2013 Amaz\u00f4nia \u00e9 Palco: Rios de Criatividade, Floresta de Cultura,&hellip;","_links":{"self":[{"href":"https:\/\/proex.uepa.br\/index.php\/wp-json\/wp\/v2\/posts\/66","targetHints":{"allow":["GET"]}}],"collection":[{"href":"https:\/\/proex.uepa.br\/index.php\/wp-json\/wp\/v2\/posts"}],"about":[{"href":"https:\/\/proex.uepa.br\/index.php\/wp-json\/wp\/v2\/types\/post"}],"author":[{"embeddable":true,"href":"https:\/\/proex.uepa.br\/index.php\/wp-json\/wp\/v2\/users\/1"}],"replies":[{"embeddable":true,"href":"https:\/\/proex.uepa.br\/index.php\/wp-json\/wp\/v2\/comments?post=66"}],"version-history":[{"count":5,"href":"https:\/\/proex.uepa.br\/index.php\/wp-json\/wp\/v2\/posts\/66\/revisions"}],"predecessor-version":[{"id":1138,"href":"https:\/\/proex.uepa.br\/index.php\/wp-json\/wp\/v2\/posts\/66\/revisions\/1138"}],"wp:featuredmedia":[{"embeddable":true,"href":"https:\/\/proex.uepa.br\/index.php\/wp-json\/wp\/v2\/media\/1136"}],"wp:attachment":[{"href":"https:\/\/proex.uepa.br\/index.php\/wp-json\/wp\/v2\/media?parent=66"}],"wp:term":[{"taxonomy":"category","embeddable":true,"href":"https:\/\/proex.uepa.br\/index.php\/wp-json\/wp\/v2\/categories?post=66"},{"taxonomy":"post_tag","embeddable":true,"href":"https:\/\/proex.uepa.br\/index.php\/wp-json\/wp\/v2\/tags?post=66"}],"curies":[{"name":"wp","href":"https:\/\/api.w.org\/{rel}","templated":true}]}}