{"id":53,"date":"2014-07-30T13:04:40","date_gmt":"2014-07-30T13:04:40","guid":{"rendered":"https:\/\/proex.uepa.br\/index.php\/2014\/07\/30\/programa-de-extensao-universitaria-proext\/"},"modified":"2022-11-21T18:20:28","modified_gmt":"2022-11-21T18:20:28","slug":"programa-de-extensao-universitaria-proext","status":"publish","type":"post","link":"https:\/\/proex.uepa.br\/index.php\/programa-de-extensao-universitaria-proext\/","title":{"rendered":"Programa de Extens\u00e3o Universit\u00e1ria \u2013 PROEXT"},"content":{"rendered":"\n<figure class=\"wp-block-image\"><img loading=\"lazy\" decoding=\"async\" width=\"660\" height=\"214\" src=\"https:\/\/proex.uepa.br\/wp-content\/uploads\/2014\/07\/proext_mec.png\" alt=\"proext mec\" class=\"wp-image-45\" srcset=\"https:\/\/proex.uepa.br\/wp-content\/uploads\/2014\/07\/proext_mec.png 660w, https:\/\/proex.uepa.br\/wp-content\/uploads\/2014\/07\/proext_mec-300x97.png 300w\" sizes=\"auto, (max-width: 660px) 100vw, 660px\" \/><\/figure>\n\n\n\n<p class=\"has-text-align-center\"><span style=\"font-size: 12pt; line-height: 115%; font-family: 'Times New Roman', serif;\"><\/span><\/p>\n\n\n\n<p class=\"has-text-align-center\">&nbsp;<\/p>\n\n\n\n<p class=\"has-text-align-center\">&nbsp;<\/p>\n\n\n\n<p><span style=\"font-family: 'Times New Roman', serif; font-size: 12pt; line-height: 150%; text-indent: 35.4pt;\">O Programa de Extens\u00e3o Universit\u00e1ria (PROEXT) consiste em uma a\u00e7\u00e3o integradora que abrange propostas de desenvolvimento de programas e projetos no \u00e2mbito da extens\u00e3o universit\u00e1ria, promovido pelo governo federal representado pelo Minist\u00e9rio da Educa\u00e7\u00e3o (MEC) por interm\u00e9dio da Secretaria de Educa\u00e7\u00e3o Superior (SESu), e em parceria com diversos outros \u00f3rg\u00e3os federais.<\/span><\/p>\n\n\n\n<p><span style=\"font-size: 12pt; line-height: 150%; font-family: 'Times New Roman', serif;\">O PROEXT convoca anualmente, desde 2007, as Institui\u00e7\u00f5es de Ensino Superior (IES) tanto as esferas federais, quanto estaduais e municipais, por meio de edital divulgado no site oficial do MEC\/SESu. Este instrumento visa contribuir com a IES na melhoria e amplia\u00e7\u00e3o da qualidade da extens\u00e3o universit\u00e1ria para que a forma\u00e7\u00e3o de alunos esteja associada \u00e0 natureza pedag\u00f3gica e \u00e0 miss\u00e3o destas institui\u00e7\u00f5es, a fim de garantir um impacto favor\u00e1vel na educa\u00e7\u00e3o brasileira. <\/span><\/p>\n\n\n\n<p><span style=\"font-size: 12pt; line-height: 150%; font-family: 'Times New Roman', serif;\">Conforme diretrizes do Minist\u00e9rio da Educa\u00e7\u00e3o entende-se como Extens\u00e3o o processo interdisciplinar, educativo, cultural, cient\u00edfico e pol\u00edtico que promove a integra\u00e7\u00e3o transformadora entre universidade e sociedade. Este Programa abrange a\u00e7\u00f5es sucessivas em determinado objetivo e per\u00edodo, articulado ao car\u00e1ter multidisciplinar e integrado a atividades de Pesquisa e de Ensino, envolvendo estudantes de gradua\u00e7\u00e3o acad\u00eamica. <\/span><\/p>\n\n\n\n<p><span style=\"font-size: 12pt; line-height: 150%; font-family: 'Times New Roman', serif;\">O edital do PROEXT disponibiliza \u00e0s IES submeter propostas em 19 linhas tem\u00e1ticas distintas, como: educa\u00e7\u00e3o, desenvolvimento urbano ou rural, direitos humanos, cultura e arte, meio ambiente e recursos naturais, dentre outros, n\u00e3o ultrapassando 02 (duas) propostas por linha tem\u00e1tica. Cada projeto poder\u00e1 concorrer ao financiamento de at\u00e9 R$ 100.000,00 (cem mil reais) e de at\u00e9 R$ 300.000,00 (trezentos mil reais) por programa, sendo observadas diversas vari\u00e1veis, como exemplo, a rela\u00e7\u00e3o custo-benef\u00edcio e academia-sociedade. <\/span><\/p>\n\n\n\n<p><span style=\"font-size: 12pt; line-height: 150%; font-family: 'Times New Roman', serif;\">A Universidade do Estado do Par\u00e1 (UEPA) por meio da Pr\u00f3-Reitoria de Extens\u00e3o (PROEX) promove desde o ano de 2010 a participa\u00e7\u00e3o de seus docentes nos editais do PROEXT na finalidade de alcan\u00e7ar recursos e desenvolver a\u00e7\u00f5es \u00e0 extens\u00e3o universit\u00e1ria em \u00e2mbito p\u00fablico estadual. <\/span><\/p>\n\n\n\n<p><span style=\"font-size: 12pt; line-height: 150%; font-family: 'Times New Roman', serif;\">No edital de 2010, a UEPA\/PROEX conquistou a aprova\u00e7\u00e3o de 03 (tr\u00eas) propostas, sendo 01 (um) programa e 02 (dois) projetos de extens\u00e3o. Posteriormente a aprova\u00e7\u00e3o, se estabeleceu o Conv\u00eanio n\u00ba. 020\/2011, celebrado com o Minist\u00e9rio da Educa\u00e7\u00e3o, por interm\u00e9dio da Secretaria de Educa\u00e7\u00e3o Superior e a Universidade do Estado do Par\u00e1. <\/span><\/p>\n\n\n\n<p><span style=\"font-size: 12pt; line-height: 150%; font-family: 'Times New Roman', serif;\">Os projetos aprovados foram de docentes do Centro de Ci\u00eancias Naturais e Tecnologia (CCNT) e o programa de docentes do Centro de Ci\u00eancias Biol\u00f3gicas e da Sa\u00fade (CCBS) da Universidade do Estado do Par\u00e1. Ambos totalizando alcan\u00e7ar um p\u00fablico estimado em 984 (novecentos e oitenta e quatro) pessoas dos munic\u00edpios de Bel\u00e9m, Altamira, Marab\u00e1 e Tucuru\u00ed. <\/span><\/p>\n\n\n\n<p><span style=\"font-size: 12pt; line-height: 150%; font-family: 'Times New Roman', serif;\">No ano de 2011, a UEPA\/PROEX conquistou a aprova\u00e7\u00e3o de mais 15 propostas, tendo 02 (dois) projetos e 13 (treze) programas, alcan\u00e7ando todos os Centros de nossa IES, incluindo o Centro de Ci\u00eancias Sociais e Educa\u00e7\u00e3o (CCSE). Houve a celebra\u00e7\u00e3o do Conv\u00eanio n\u00ba. 040\/2012, celebrado entre o Minist\u00e9rio da Educa\u00e7\u00e3o e a Universidade do Estado do Par\u00e1.<\/span><\/p>\n\n\n\n<p><span style=\"font-size: 12pt; line-height: 150%; font-family: 'Times New Roman', serif;\">Os munic\u00edpios abrangidos por esta sele\u00e7\u00e3o foram no total de 19 (dezenove), entre eles: Bel\u00e9m, Ananindeua, Marituba, Castanhal, S\u00e3o Miguel do Guam\u00e1, Paragominas, Santar\u00e9m, Camet\u00e1, Marab\u00e1, Tucum\u00e3, Moju, Dom Eliseu e outros. A estimativa de p\u00fablico se totalizou em 12.023 (doze mil e vinte e tr\u00eas) pessoas.<\/span><\/p>\n\n\n\n<p>Os editais nos ano de 2012 e 2014 trouxeram ruptura nessa evolu\u00e7\u00e3o de aprova\u00e7\u00f5es. Em 2012, houve a classifica\u00e7\u00e3o de 10 propostas, por\u00e9m n\u00e3o foi poss\u00edvel a celebra\u00e7\u00e3o de conv\u00eanio por entraves quanto \u00e0s documenta\u00e7\u00f5es exig\u00edveis a IES\/UEPA. No ano de 2014, a UEPA\/PROEX teve a aprova\u00e7\u00e3o de 01 (uma) proposta, no entanto, n\u00e3o atendeu alguns requisitos legais e regrediu a situa\u00e7\u00e3o &#8220;Classificado, mas n\u00e3o contemplado com recursos&#8221;. Ainda, em 2013, 01 (uma) proposta foi aprovada, mas ainda&nbsp;n\u00e3o houve a celebra\u00e7\u00e3o de conv\u00eanios. Em 2015, a Pr\u00f3-Reitoria de Extens\u00e3o recebeu 41 propostas&nbsp;referente ao Edital 2016, mas 38 foram aprovadas internamente e encaminhadas para an\u00e1lise do Minist\u00e9rio da Educa\u00e7\u00e3o, e destes, 03 (tr\u00eas) propostas foram &#8220;Aprovadas e contempladas com recursos&#8221;, sendo 01 (um) projeto e 02 (dois) programas.&nbsp;<\/p>\n\n\n\n<p><strong><span style=\"font-size: 12pt; line-height: 115%; font-family: 'Times New Roman', serif;\">Editais<\/span><\/strong><\/p>\n\n\n\n<p>&nbsp;<\/p>\n\n\n\n<p><span style=\"font-size: 12pt; line-height: 115%; font-family: 'Times New Roman', serif; color: red;\">&nbsp;<a href=\"https:\/\/proex.uepa.br\/wp-content\/uploads\/2014\/07\/Edital_05-2010-MEC_Proext2010.pdf\" target=\"_blank\" rel=\"noopener\">PROEXT 2010 \u2013 Edital 05\/2010 MEC\/SESu<\/a><\/span><\/p>\n\n\n\n<p><span style=\"font-size: 12pt; line-height: 115%; font-family: 'Times New Roman', serif; color: red;\">&nbsp;<a href=\"https:\/\/proex.uepa.br\/wp-content\/uploads\/2014\/07\/Edital_04-2011-MEC_Proext2011.pdf\" target=\"_blank\" rel=\"noopener\">PROEXT 2011 \u2013 Edital 04\/2011 MEC\/SESu<\/a><\/span><\/p>\n\n\n\n<p><span style=\"font-size: 12pt; line-height: 115%; font-family: 'Times New Roman', serif; color: red;\">&nbsp;<a href=\"https:\/\/proex.uepa.br\/wp-content\/uploads\/2014\/07\/Edital_02-2012-MEC_Proext2013.pdf\" target=\"_blank\" rel=\"noopener\">PROEXT 2013 \u2013 Edital 02\/2012 MEC\/SESu<\/a><\/span><\/p>\n\n\n\n<p><span style=\"font-size: 12pt; line-height: 115%; font-family: 'Times New Roman', serif; color: red;\">&nbsp;<a href=\"https:\/\/proex.uepa.br\/wp-content\/uploads\/2014\/07\/Edital_sn-2013-MEC_Proext2014.pdf\" target=\"_blank\" rel=\"noopener\">PROEXT 2014 \u2013 Edital s\/n\/2013 MEC\/SESu<\/a><\/span><\/p>\n\n\n\n<p><span style=\"font-size: 12pt; line-height: 115%; font-family: 'Times New Roman', serif; color: red;\">&nbsp;<a href=\"https:\/\/proex.uepa.br\/wp-content\/uploads\/2014\/07\/Edital_sn-2014-MEC_Proext2015.pdf\" target=\"_blank\" rel=\"noopener\">PROEXT 2015 \u2013 Edital s\/n\/2014 MEC\/SESu<\/a><\/span><\/p>\n\n\n\n<p><span style=\"font-size: 12pt; line-height: 115%; font-family: 'Times New Roman', serif; color: red;\">&nbsp;<a href=\"https:\/\/proex.uepa.br\/wp-content\/uploads\/2014\/07\/Edital_sn-2015-MEC_Proext2016.pdf\">PROEXT 2016 <span style=\"font-size: 12pt; line-height: 115%; font-family: 'Times New Roman',serif;\"><span style=\"color: #000000;\">\u2013 <\/span><\/span>Edital s\/n\/2015 MEC\/SESu<\/a><\/span><\/p>\n\n\n\n<p>&nbsp;<\/p>\n\n\n\n<p><strong><span style=\"font-size: 12pt; line-height: 115%; font-family: 'Times New Roman', serif;\"><a href=\"https:\/\/proex.uepa.br\/wp-content\/uploads\/2014\/07\/PROEXTs.pdf\">Programas e Projetos Aprovados<\/a> &nbsp; &nbsp; &nbsp; &nbsp; &nbsp; &nbsp; &nbsp; &nbsp; &nbsp; &nbsp; &nbsp; &nbsp; &nbsp; &nbsp; &nbsp;&nbsp;<\/span><\/strong><\/p>\n\n\n\n<p><strong><span style=\"font-size: 12pt; line-height: 115%; font-family: 'Times New Roman', serif;\">&nbsp;<\/span><\/strong><\/p>\n","protected":false},"excerpt":{"rendered":"<p>&nbsp; &nbsp; O Programa de Extens\u00e3o Universit\u00e1ria (PROEXT) consiste em uma a\u00e7\u00e3o integradora que abrange propostas de desenvolvimento de programas e projetos no \u00e2mbito da extens\u00e3o universit\u00e1ria, promovido pelo governo federal representado pelo Minist\u00e9rio da Educa\u00e7\u00e3o (MEC) por interm\u00e9dio da Secretaria de Educa\u00e7\u00e3o Superior (SESu), e em parceria com diversos outros \u00f3rg\u00e3os federais. O PROEXT &hellip;<\/p>\n<p class=\"read-more\"> <a class=\"\" href=\"https:\/\/proex.uepa.br\/index.php\/programa-de-extensao-universitaria-proext\/\"> <span class=\"screen-reader-text\">Programa de Extens\u00e3o Universit\u00e1ria \u2013 PROEXT<\/span> Leia mais &raquo;<\/a><\/p>\n","protected":false},"author":1,"featured_media":45,"comment_status":"open","ping_status":"open","sticky":false,"template":"","format":"standard","meta":{"_uag_custom_page_level_css":"","site-sidebar-layout":"default","site-content-layout":"","ast-site-content-layout":"","site-content-style":"default","site-sidebar-style":"default","ast-global-header-display":"","ast-banner-title-visibility":"","ast-main-header-display":"","ast-hfb-above-header-display":"","ast-hfb-below-header-display":"","ast-hfb-mobile-header-display":"","site-post-title":"","ast-breadcrumbs-content":"","ast-featured-img":"","footer-sml-layout":"","theme-transparent-header-meta":"","adv-header-id-meta":"","stick-header-meta":"","header-above-stick-meta":"","header-main-stick-meta":"","header-below-stick-meta":"","astra-migrate-meta-layouts":"","ast-page-background-enabled":"default","ast-page-background-meta":{"desktop":{"background-color":"var(--ast-global-color-4)","background-image":"","background-repeat":"repeat","background-position":"center center","background-size":"auto","background-attachment":"scroll","background-type":"","background-media":"","overlay-type":"","overlay-color":"","overlay-gradient":""},"tablet":{"background-color":"","background-image":"","background-repeat":"repeat","background-position":"center center","background-size":"auto","background-attachment":"scroll","background-type":"","background-media":"","overlay-type":"","overlay-color":"","overlay-gradient":""},"mobile":{"background-color":"","background-image":"","background-repeat":"repeat","background-position":"center center","background-size":"auto","background-attachment":"scroll","background-type":"","background-media":"","overlay-type":"","overlay-color":"","overlay-gradient":""}},"ast-content-background-meta":{"desktop":{"background-color":"var(--ast-global-color-5)","background-image":"","background-repeat":"repeat","background-position":"center center","background-size":"auto","background-attachment":"scroll","background-type":"","background-media":"","overlay-type":"","overlay-color":"","overlay-gradient":""},"tablet":{"background-color":"var(--ast-global-color-5)","background-image":"","background-repeat":"repeat","background-position":"center center","background-size":"auto","background-attachment":"scroll","background-type":"","background-media":"","overlay-type":"","overlay-color":"","overlay-gradient":""},"mobile":{"background-color":"var(--ast-global-color-5)","background-image":"","background-repeat":"repeat","background-position":"center center","background-size":"auto","background-attachment":"scroll","background-type":"","background-media":"","overlay-type":"","overlay-color":"","overlay-gradient":""}},"footnotes":""},"categories":[3],"tags":[],"class_list":["post-53","post","type-post","status-publish","format-standard","has-post-thumbnail","hentry","category-programas-e-projetos"],"uagb_featured_image_src":{"full":["https:\/\/proex.uepa.br\/wp-content\/uploads\/2014\/07\/proext_mec.png",660,214,false],"thumbnail":["https:\/\/proex.uepa.br\/wp-content\/uploads\/2014\/07\/proext_mec-150x150.png",150,150,true],"medium":["https:\/\/proex.uepa.br\/wp-content\/uploads\/2014\/07\/proext_mec-300x97.png",300,97,true],"medium_large":["https:\/\/proex.uepa.br\/wp-content\/uploads\/2014\/07\/proext_mec.png",660,214,false],"large":["https:\/\/proex.uepa.br\/wp-content\/uploads\/2014\/07\/proext_mec.png",660,214,false],"1536x1536":["https:\/\/proex.uepa.br\/wp-content\/uploads\/2014\/07\/proext_mec.png",660,214,false],"2048x2048":["https:\/\/proex.uepa.br\/wp-content\/uploads\/2014\/07\/proext_mec.png",660,214,false]},"uagb_author_info":{"display_name":"adminsites@uepa.br","author_link":"https:\/\/proex.uepa.br\/index.php\/author\/adminsitesuepa-br\/"},"uagb_comment_info":4,"uagb_excerpt":"&nbsp; &nbsp; O Programa de Extens\u00e3o Universit\u00e1ria (PROEXT) consiste em uma a\u00e7\u00e3o integradora que abrange propostas de desenvolvimento de programas e projetos no \u00e2mbito da extens\u00e3o universit\u00e1ria, promovido pelo governo federal representado pelo Minist\u00e9rio da Educa\u00e7\u00e3o (MEC) por interm\u00e9dio da Secretaria de Educa\u00e7\u00e3o Superior (SESu), e em parceria com diversos outros \u00f3rg\u00e3os federais. O PROEXT&hellip;","_links":{"self":[{"href":"https:\/\/proex.uepa.br\/index.php\/wp-json\/wp\/v2\/posts\/53","targetHints":{"allow":["GET"]}}],"collection":[{"href":"https:\/\/proex.uepa.br\/index.php\/wp-json\/wp\/v2\/posts"}],"about":[{"href":"https:\/\/proex.uepa.br\/index.php\/wp-json\/wp\/v2\/types\/post"}],"author":[{"embeddable":true,"href":"https:\/\/proex.uepa.br\/index.php\/wp-json\/wp\/v2\/users\/1"}],"replies":[{"embeddable":true,"href":"https:\/\/proex.uepa.br\/index.php\/wp-json\/wp\/v2\/comments?post=53"}],"version-history":[{"count":1,"href":"https:\/\/proex.uepa.br\/index.php\/wp-json\/wp\/v2\/posts\/53\/revisions"}],"predecessor-version":[{"id":190,"href":"https:\/\/proex.uepa.br\/index.php\/wp-json\/wp\/v2\/posts\/53\/revisions\/190"}],"wp:featuredmedia":[{"embeddable":true,"href":"https:\/\/proex.uepa.br\/index.php\/wp-json\/wp\/v2\/media\/45"}],"wp:attachment":[{"href":"https:\/\/proex.uepa.br\/index.php\/wp-json\/wp\/v2\/media?parent=53"}],"wp:term":[{"taxonomy":"category","embeddable":true,"href":"https:\/\/proex.uepa.br\/index.php\/wp-json\/wp\/v2\/categories?post=53"},{"taxonomy":"post_tag","embeddable":true,"href":"https:\/\/proex.uepa.br\/index.php\/wp-json\/wp\/v2\/tags?post=53"}],"curies":[{"name":"wp","href":"https:\/\/api.w.org\/{rel}","templated":true}]}}