{"id":14,"date":"2014-07-30T12:42:02","date_gmt":"2014-07-30T12:42:02","guid":{"rendered":"https:\/\/proex.uepa.br\/index.php\/2014\/07\/30\/equipe-proex\/"},"modified":"2014-07-30T12:42:02","modified_gmt":"2014-07-30T12:42:02","slug":"equipe-proex","status":"publish","type":"post","link":"https:\/\/proex.uepa.br\/index.php\/equipe-proex\/","title":{"rendered":"Equipe PROEX"},"content":{"rendered":"<div align=\"center\">\n<p style=\"margin-bottom: 0.0001pt; text-align: center;\" align=\"center\"><strong><span style=\"line-height: 115%; font-family: 'Times New Roman', serif;\">Pr\u00f3-Reitora de Extens\u00e3o<\/span><\/strong><\/p>\n<p style=\"margin-bottom: 0.0001pt; text-align: center;\" align=\"center\"><span style=\"line-height: 115%; font-family: 'Times New Roman', serif;\">Mariane Cordeiro Alves Franco<\/span><\/p>\n<p style=\"margin-bottom: 0.0001pt; text-align: center;\" align=\"center\"><strong><span style=\"line-height: 115%; font-family: 'Times New Roman', serif;\">&nbsp;<\/span><\/strong><\/p>\n<p style=\"margin-bottom: 0.0001pt; text-align: center;\" align=\"center\"><strong><span style=\"line-height: 115%; font-family: 'Times New Roman', serif;\">Diretora de Apoio \u00e0 Extens\u00e3o<\/span><\/strong><\/p>\n<p style=\"margin-bottom: 0.0001pt; text-align: center;\" align=\"center\"><span style=\"line-height: 115%; font-family: 'Times New Roman', serif;\"><span style=\"font-family: 'Times New Roman', serif; line-height: 14.95px; text-align: center;\">Ana Telma Monteiro de Sousa<\/span><\/span><\/p>\n<p style=\"margin-bottom: 0.0001pt; text-align: center;\" align=\"center\">&nbsp;<\/p>\n<p style=\"margin-bottom: 0.0001pt; text-align: center;\" align=\"center\"><strong style=\"font-family: 'Times New Roman', serif; line-height: 14.95px;\">Diretora&nbsp;<\/strong><strong style=\"font-family: 'Times New Roman', serif; line-height: 14.95px;\">do Centro de Ci\u00eancias e Planet\u00e1rio do Par\u00e1<\/strong><\/p>\n<p style=\"margin-bottom: 0.0001pt; text-align: center;\" align=\"center\"><span style=\"font-family: 'Times New Roman', serif; line-height: 14.95px;\">Sinaida Maria Vasconcelos de Castro<\/span><\/p>\n<p style=\"margin-bottom: 0.0001pt; text-align: center;\" align=\"center\">&nbsp;<\/p>\n<p style=\"margin-bottom: 0.0001pt; text-align: center;\" align=\"center\"><strong><span style=\"line-height: 115%; font-family: 'Times New Roman', serif;\">Coordenadora de Programas e Projetos de Extens\u00e3o<\/span><\/strong><\/p>\n<p style=\"margin-bottom: 0.0001pt; text-align: center;\" align=\"center\"><span style=\"font-family: 'Times New Roman', serif; line-height: 14.9499998092651px; text-align: center;\"><span style=\"font-family: 'Times New Roman', serif; line-height: 14.95px; text-align: center;\">Neusivalda Batista Barbosa<\/span><\/span><\/p>\n<p style=\"margin-bottom: 0.0001pt; text-align: center;\" align=\"center\">&nbsp;<\/p>\n<p style=\"margin-bottom: 0.0001pt; text-align: center;\" align=\"center\"><strong><span style=\"line-height: 115%; font-family: 'Times New Roman', serif;\">Coordenadora de Assuntos Comunit\u00e1rios de Extens\u00e3o<\/span><\/strong><\/p>\n<p style=\"margin-bottom: 0.0001pt; text-align: center;\" align=\"center\"><span style=\"line-height: 115%; font-family: 'Times New Roman', serif;\">Paula Leilane Ayres de Andrade<\/span><\/p>\n<p style=\"margin-bottom: 0.0001pt; text-align: center;\" align=\"center\"><span style=\"line-height: 115%; font-family: 'Times New Roman', serif;\">&nbsp;<\/span><\/p>\n<p style=\"margin-bottom: 0.0001pt; text-align: center;\" align=\"center\"><strong><span style=\"line-height: 14.9499998092651px; font-family: 'Times New Roman', serif;\">Coordenador do N\u00facleo de Desporto e Lazer<\/span><\/strong><\/p>\n<p style=\"margin-bottom: 0.0001pt; text-align: center;\" align=\"center\"><span style=\"font-family: 'Times New Roman', serif; line-height: 14.9499998092651px;\">Alexandre Maia de Farias<\/span><\/p>\n<p style=\"margin-bottom: 0.0001pt; text-align: center;\" align=\"center\">&nbsp;<\/p>\n<p style=\"margin-bottom: 0.0001pt; text-align: center;\" align=\"center\"><strong><span style=\"line-height: 115%; font-family: 'Times New Roman', serif;\">Coordenadora do N\u00facleo de Arte e Cultura<\/span><\/strong><\/p>\n<p style=\"margin-bottom: 0.0001pt; text-align: center;\" align=\"center\"><span style=\"font-family: 'Times New Roman', serif; line-height: 14.95px; text-align: center;\">Jhonata Rosinei Sousa da Silva<\/span><\/p>\n<p style=\"margin-bottom: 0.0001pt; text-align: center;\" align=\"center\">&nbsp;&nbsp;<\/p>\n<p style=\"margin-bottom: 0.0001pt; text-align: center;\" align=\"center\"><strong><span style=\"line-height: 115%; font-family: 'Times New Roman', serif;\">Equipe T\u00e9cnica e Administrativa<\/span><\/strong><\/p>\n<p style=\"margin-bottom: 0.0001pt; text-align: center;\" align=\"center\"><span style=\"line-height: 115%; font-family: 'Times New Roman', serif;\"><span style=\"font-family: 'Times New Roman', serif; line-height: 14.9499998092651px; text-align: center;\">Alexandre Jorge Mendes do Nascimento<\/span><\/span><\/p>\n<p style=\"margin-bottom: 0.0001pt; text-align: center;\" align=\"center\"><span style=\"font-family: 'Times New Roman', serif; line-height: 14.9499998092651px; text-align: center;\">D\u00e9bora Cristina da Costa Pereira<\/span><\/p>\n<p style=\"margin-bottom: 0.0001pt; text-align: center;\" align=\"center\"><span style=\"font-family: 'Times New Roman', serif; line-height: 14.9499998092651px; text-align: center;\">Djair da Mota Alves Filho<\/span><\/p>\n<p style=\"margin-bottom: 0.0001pt; text-align: center;\" align=\"center\"><span style=\"font-family: 'Times New Roman', serif; line-height: 14.9499998092651px; text-align: center;\">Gilvana Kelly Barros Pimentel<\/span><\/p>\n<p style=\"margin-bottom: 0.0001pt; text-align: center;\" align=\"center\"><span style=\"font-family: 'Times New Roman', serif; line-height: 14.9499998092651px; text-align: center;\">Joelma Queiroz da Silva<\/span><\/p>\n<p style=\"margin-bottom: 0.0001pt; text-align: center;\" align=\"center\"><span style=\"font-family: 'Times New Roman', serif; line-height: 115%;\">L\u00e9a da Silva Ferreira<\/span><\/p>\n<p style=\"margin-bottom: 0.0001pt; text-align: center;\" align=\"center\"><span style=\"font-family: 'Times New Roman', serif; line-height: 14.9499998092651px;\">Thiago Wendel Lima da C\u00e2mara<\/span><\/p>\n<p style=\"margin-bottom: 0.0001pt; text-align: center;\" align=\"center\">&nbsp;<\/p>\n<p style=\"margin-bottom: 0.0001pt; text-align: center;\" align=\"center\"><strong><span style=\"font-family: 'Times New Roman', serif; line-height: 14.9499998092651px;\">Estagi\u00e1rios<\/span><\/strong><\/p>\n<p style=\"margin-bottom: 0.0001pt; text-align: center;\" align=\"center\"><span style=\"font-family: 'Times New Roman', serif; line-height: 14.9499998092651px;\">Lucibella Piani de Castro Nascimento<\/span><\/p>\n<p style=\"margin-bottom: 0.0001pt; text-align: center;\" align=\"center\"><span style=\"font-family: 'Times New Roman', serif; line-height: 14.9499998092651px;\">Kellven Douglas Bezerra Ribeiro<\/span><\/p>\n<p style=\"margin-bottom: 0.0001pt; text-align: center;\" align=\"center\"><span style=\"font-family: 'Times New Roman', serif; line-height: 14.9499998092651px;\">Wilson Mattos Pacheco<\/span><\/p>\n<\/div>\n","protected":false},"excerpt":{"rendered":"<p>Pr\u00f3-Reitora de Extens\u00e3o Mariane Cordeiro Alves Franco &nbsp; Diretora de Apoio \u00e0 Extens\u00e3o Ana Telma Monteiro de Sousa &nbsp; Diretora&nbsp;do Centro de Ci\u00eancias e Planet\u00e1rio do Par\u00e1 Sinaida Maria Vasconcelos de Castro &nbsp; Coordenadora de Programas e Projetos de Extens\u00e3o Neusivalda Batista Barbosa &nbsp; Coordenadora de Assuntos Comunit\u00e1rios de Extens\u00e3o Paula Leilane Ayres de Andrade &hellip;<\/p>\n<p class=\"read-more\"> <a class=\"\" href=\"https:\/\/proex.uepa.br\/index.php\/equipe-proex\/\"> <span class=\"screen-reader-text\">Equipe PROEX<\/span> Leia mais &raquo;<\/a><\/p>\n","protected":false},"author":1,"featured_media":0,"comment_status":"open","ping_status":"open","sticky":false,"template":"","format":"standard","meta":{"_uag_custom_page_level_css":"","site-sidebar-layout":"default","site-content-layout":"","ast-site-content-layout":"","site-content-style":"default","site-sidebar-style":"default","ast-global-header-display":"","ast-banner-title-visibility":"","ast-main-header-display":"","ast-hfb-above-header-display":"","ast-hfb-below-header-display":"","ast-hfb-mobile-header-display":"","site-post-title":"","ast-breadcrumbs-content":"","ast-featured-img":"","footer-sml-layout":"","theme-transparent-header-meta":"","adv-header-id-meta":"","stick-header-meta":"","header-above-stick-meta":"","header-main-stick-meta":"","header-below-stick-meta":"","astra-migrate-meta-layouts":"","ast-page-background-enabled":"default","ast-page-background-meta":{"desktop":{"background-color":"var(--ast-global-color-4)","background-image":"","background-repeat":"repeat","background-position":"center center","background-size":"auto","background-attachment":"scroll","background-type":"","background-media":"","overlay-type":"","overlay-color":"","overlay-gradient":""},"tablet":{"background-color":"","background-image":"","background-repeat":"repeat","background-position":"center center","background-size":"auto","background-attachment":"scroll","background-type":"","background-media":"","overlay-type":"","overlay-color":"","overlay-gradient":""},"mobile":{"background-color":"","background-image":"","background-repeat":"repeat","background-position":"center center","background-size":"auto","background-attachment":"scroll","background-type":"","background-media":"","overlay-type":"","overlay-color":"","overlay-gradient":""}},"ast-content-background-meta":{"desktop":{"background-color":"var(--ast-global-color-5)","background-image":"","background-repeat":"repeat","background-position":"center center","background-size":"auto","background-attachment":"scroll","background-type":"","background-media":"","overlay-type":"","overlay-color":"","overlay-gradient":""},"tablet":{"background-color":"var(--ast-global-color-5)","background-image":"","background-repeat":"repeat","background-position":"center center","background-size":"auto","background-attachment":"scroll","background-type":"","background-media":"","overlay-type":"","overlay-color":"","overlay-gradient":""},"mobile":{"background-color":"var(--ast-global-color-5)","background-image":"","background-repeat":"repeat","background-position":"center center","background-size":"auto","background-attachment":"scroll","background-type":"","background-media":"","overlay-type":"","overlay-color":"","overlay-gradient":""}},"footnotes":""},"categories":[2],"tags":[],"class_list":["post-14","post","type-post","status-publish","format-standard","hentry","category-principal"],"uagb_featured_image_src":{"full":false,"thumbnail":false,"medium":false,"medium_large":false,"large":false,"1536x1536":false,"2048x2048":false},"uagb_author_info":{"display_name":"adminsites@uepa.br","author_link":"https:\/\/proex.uepa.br\/index.php\/author\/adminsitesuepa-br\/"},"uagb_comment_info":0,"uagb_excerpt":"Pr\u00f3-Reitora de Extens\u00e3o Mariane Cordeiro Alves Franco &nbsp; Diretora de Apoio \u00e0 Extens\u00e3o Ana Telma Monteiro de Sousa &nbsp; Diretora&nbsp;do Centro de Ci\u00eancias e Planet\u00e1rio do Par\u00e1 Sinaida Maria Vasconcelos de Castro &nbsp; Coordenadora de Programas e Projetos de Extens\u00e3o Neusivalda Batista Barbosa &nbsp; Coordenadora de Assuntos Comunit\u00e1rios de Extens\u00e3o Paula Leilane Ayres de Andrade&hellip;","_links":{"self":[{"href":"https:\/\/proex.uepa.br\/index.php\/wp-json\/wp\/v2\/posts\/14","targetHints":{"allow":["GET"]}}],"collection":[{"href":"https:\/\/proex.uepa.br\/index.php\/wp-json\/wp\/v2\/posts"}],"about":[{"href":"https:\/\/proex.uepa.br\/index.php\/wp-json\/wp\/v2\/types\/post"}],"author":[{"embeddable":true,"href":"https:\/\/proex.uepa.br\/index.php\/wp-json\/wp\/v2\/users\/1"}],"replies":[{"embeddable":true,"href":"https:\/\/proex.uepa.br\/index.php\/wp-json\/wp\/v2\/comments?post=14"}],"version-history":[{"count":0,"href":"https:\/\/proex.uepa.br\/index.php\/wp-json\/wp\/v2\/posts\/14\/revisions"}],"wp:attachment":[{"href":"https:\/\/proex.uepa.br\/index.php\/wp-json\/wp\/v2\/media?parent=14"}],"wp:term":[{"taxonomy":"category","embeddable":true,"href":"https:\/\/proex.uepa.br\/index.php\/wp-json\/wp\/v2\/categories?post=14"},{"taxonomy":"post_tag","embeddable":true,"href":"https:\/\/proex.uepa.br\/index.php\/wp-json\/wp\/v2\/tags?post=14"}],"curies":[{"name":"wp","href":"https:\/\/api.w.org\/{rel}","templated":true}]}}