{"id":13,"date":"2014-07-30T12:37:05","date_gmt":"2014-07-30T12:37:05","guid":{"rendered":"https:\/\/proex.uepa.br\/index.php\/2014\/07\/30\/dinamica-de-funcionamento\/"},"modified":"2014-07-30T12:37:05","modified_gmt":"2014-07-30T12:37:05","slug":"dinamica-de-funcionamento","status":"publish","type":"post","link":"https:\/\/proex.uepa.br\/index.php\/dinamica-de-funcionamento\/","title":{"rendered":"Din\u00e2mica de Funcionamento"},"content":{"rendered":"<p style=\"margin-bottom: 0.0001pt; text-align: justify; text-indent: 35.45pt;\"><span style=\"font-size: 12pt; line-height: 115%; font-family: 'Times New Roman', serif;\">A composi\u00e7\u00e3o da equipe da PROEX\/UEPA \u00e9 constitu\u00edda de quinze (15) pessoas com forma\u00e7\u00f5es diferenciadas sendo duas (02) Doutoras nas \u00e1reas de Doen\u00e7as Tropicais e em Educa\u00e7\u00e3o; dois (02) Mestres em Educa\u00e7\u00e3o e em Neuroci\u00eancias e Biologia Celular; quatro (04) graduados em Hist\u00f3ria, Ci\u00eancias Naturais &#8211; Biologia, Administra\u00e7\u00e3o e Tecn\u00f3logo em Gest\u00e3o P\u00fablica; quatro (04) acad\u00eamicos em Direito, Pedagogia, e Gest\u00e3o de Recursos Humanos.<\/span><\/p>\n<p style=\"margin-bottom: 0.0001pt; text-align: justify; text-indent: 35.45pt;\"><span style=\"font-size: 12pt; line-height: 115%; font-family: 'Times New Roman', serif;\">Articula-se com a sociedade civil e a sociedade pol\u00edtica e&nbsp; os setores internos da&nbsp; UEPA como os departamentos, os cursos, os n\u00facleos, os centros e os grupos de pesquisa como, por exemplo, no&nbsp; Centro de Ci\u00eancias Sociais e Educa\u00e7\u00e3o (CCSE) com o&nbsp; N\u00facleo de Estudo e Pesquisa em Educa\u00e7\u00e3o Cient\u00edfica, Ambiental e Pr\u00e1ticas Ambientais (NECAPS): criado em 1996 realiza a\u00e7\u00f5es de ci\u00eancia, meio ambiente e sa\u00fade voltadas para a educa\u00e7\u00e3o da juventude; Grupo de Pr\u00e1ticas Educativas em Sa\u00fade e Cuidado na Amaz\u00f4nia (PESCA): desenvolve trabalhos de educa\u00e7\u00e3o popular por meio da arte-educa\u00e7\u00e3o nas \u00e1reas da m\u00fasica, dan\u00e7a e teatro; N\u00facleo de Educa\u00e7\u00e3o Popular &#8220;Paulo Freire&#8221; (NEP): desenvolve a\u00e7\u00f5es de forma\u00e7\u00e3o de educadores em diversos munic\u00edpios do estado do Par\u00e1, vinculados ao Programa Vale Alfabetizar, patrocinado pela Associa\u00e7\u00e3o Alfabetiza\u00e7\u00e3o Solid\u00e1ria (ALFASOL) e Funda\u00e7\u00e3o Vale; Grupo de Pesquisa Culturas e Mem\u00f3rias Amaz\u00f4nicas (CUMA): criado em 2003, atualmente \u00e9 formado por setenta (70) profissionais, onde s\u00e3o desenvolvidos projetos relacionados \u00e0s \u00e1reas de artes, mem\u00f3ria e lingu\u00edstica;&nbsp; Grupo de Pesquisa e Movimentos Sociais Educa\u00e7\u00e3o e Cidadania na Amaz\u00f4nia (GMSECA) criado em 2006 com trinta (30) participantes entre professores \u2013 pesquisadores, estudantes de gradua\u00e7\u00e3o, mestrado e doutorado com estudos referentes aos movimentos sociais, territorialidade, trabalho e religi\u00e3o. <\/span><\/p>\n<p style=\"margin-bottom: 0.0001pt; text-align: justify; text-indent: 35.45pt;\"><span style=\"font-size: 12pt; line-height: 115%; font-family: 'Times New Roman', serif;\">As formas de articula\u00e7\u00e3o com o Centro de Ci\u00eancias Biol\u00f3gicas e da Sa\u00fade (CCBS) perpassam pelo N\u00facleo de Desenvolvimento em Tecnologia Assistiva e Acessibilidade da UEPA (NEDETA), que realiza atendimentos a pessoas com defici\u00eancia, por meio de atendimentos e desenvolvendo novas tecnologias de acessibilidade; N\u00facleo de Pesquisa, Extens\u00e3o e P\u00f3s-Gradua\u00e7\u00e3o de Terapia Ocupacional (NUPETO), onde desenvolvem atividades para garantir uma viv\u00eancia saud\u00e1vel para meninas de 6 a 12 anos incompletos, v\u00edtimas de abuso sexual.&nbsp;&nbsp;&nbsp; <\/span><\/p>\n<p><span style=\"font-size: 12pt; line-height: 115%; font-family: 'Times New Roman', serif;\">Atua tamb\u00e9m em articula\u00e7\u00e3o com o Centro de Ci\u00eancias Naturais e Tecnologia (CCNT) atrav\u00e9s da Rede de Incubadoras de Base Tecnol\u00f3gica da Universidade do Estado do Par\u00e1 (RITU), que oferece solu\u00e7\u00f5es tecnol\u00f3gicas e de gest\u00e3o para empreendimentos inovadores nascentes na Regi\u00e3o Metropolitana de Bel\u00e9m-RMB, atrav\u00e9s do processo de incuba\u00e7\u00e3o; do Laborat\u00f3rio de Educa\u00e7\u00e3o Ambiental (LEA), onde desenvolve atividades e trabalhos de ci\u00eancia, meio ambiente e educa\u00e7\u00e3o ambiental por meio de campanhas, cursos, minicursos e oficinas de reciclagem, coleta seletiva, entre outros.<\/span><\/p>\n","protected":false},"excerpt":{"rendered":"<p>A composi\u00e7\u00e3o da equipe da PROEX\/UEPA \u00e9 constitu\u00edda de quinze (15) pessoas com forma\u00e7\u00f5es diferenciadas sendo duas (02) Doutoras nas \u00e1reas de Doen\u00e7as Tropicais e em Educa\u00e7\u00e3o; dois (02) Mestres em Educa\u00e7\u00e3o e em Neuroci\u00eancias e Biologia Celular; quatro (04) graduados em Hist\u00f3ria, Ci\u00eancias Naturais &#8211; Biologia, Administra\u00e7\u00e3o e Tecn\u00f3logo em Gest\u00e3o P\u00fablica; quatro (04) &hellip;<\/p>\n<p class=\"read-more\"> <a class=\"\" href=\"https:\/\/proex.uepa.br\/index.php\/dinamica-de-funcionamento\/\"> <span class=\"screen-reader-text\">Din\u00e2mica de Funcionamento<\/span> Leia mais &raquo;<\/a><\/p>\n","protected":false},"author":1,"featured_media":0,"comment_status":"open","ping_status":"open","sticky":false,"template":"","format":"standard","meta":{"_uag_custom_page_level_css":"","site-sidebar-layout":"default","site-content-layout":"","ast-site-content-layout":"","site-content-style":"default","site-sidebar-style":"default","ast-global-header-display":"","ast-banner-title-visibility":"","ast-main-header-display":"","ast-hfb-above-header-display":"","ast-hfb-below-header-display":"","ast-hfb-mobile-header-display":"","site-post-title":"","ast-breadcrumbs-content":"","ast-featured-img":"","footer-sml-layout":"","theme-transparent-header-meta":"","adv-header-id-meta":"","stick-header-meta":"","header-above-stick-meta":"","header-main-stick-meta":"","header-below-stick-meta":"","astra-migrate-meta-layouts":"","ast-page-background-enabled":"default","ast-page-background-meta":{"desktop":{"background-color":"var(--ast-global-color-4)","background-image":"","background-repeat":"repeat","background-position":"center center","background-size":"auto","background-attachment":"scroll","background-type":"","background-media":"","overlay-type":"","overlay-color":"","overlay-gradient":""},"tablet":{"background-color":"","background-image":"","background-repeat":"repeat","background-position":"center center","background-size":"auto","background-attachment":"scroll","background-type":"","background-media":"","overlay-type":"","overlay-color":"","overlay-gradient":""},"mobile":{"background-color":"","background-image":"","background-repeat":"repeat","background-position":"center center","background-size":"auto","background-attachment":"scroll","background-type":"","background-media":"","overlay-type":"","overlay-color":"","overlay-gradient":""}},"ast-content-background-meta":{"desktop":{"background-color":"var(--ast-global-color-5)","background-image":"","background-repeat":"repeat","background-position":"center center","background-size":"auto","background-attachment":"scroll","background-type":"","background-media":"","overlay-type":"","overlay-color":"","overlay-gradient":""},"tablet":{"background-color":"var(--ast-global-color-5)","background-image":"","background-repeat":"repeat","background-position":"center center","background-size":"auto","background-attachment":"scroll","background-type":"","background-media":"","overlay-type":"","overlay-color":"","overlay-gradient":""},"mobile":{"background-color":"var(--ast-global-color-5)","background-image":"","background-repeat":"repeat","background-position":"center center","background-size":"auto","background-attachment":"scroll","background-type":"","background-media":"","overlay-type":"","overlay-color":"","overlay-gradient":""}},"footnotes":""},"categories":[2],"tags":[],"class_list":["post-13","post","type-post","status-publish","format-standard","hentry","category-principal"],"uagb_featured_image_src":{"full":false,"thumbnail":false,"medium":false,"medium_large":false,"large":false,"1536x1536":false,"2048x2048":false},"uagb_author_info":{"display_name":"adminsites@uepa.br","author_link":"https:\/\/proex.uepa.br\/index.php\/author\/adminsitesuepa-br\/"},"uagb_comment_info":0,"uagb_excerpt":"A composi\u00e7\u00e3o da equipe da PROEX\/UEPA \u00e9 constitu\u00edda de quinze (15) pessoas com forma\u00e7\u00f5es diferenciadas sendo duas (02) Doutoras nas \u00e1reas de Doen\u00e7as Tropicais e em Educa\u00e7\u00e3o; dois (02) Mestres em Educa\u00e7\u00e3o e em Neuroci\u00eancias e Biologia Celular; quatro (04) graduados em Hist\u00f3ria, Ci\u00eancias Naturais &#8211; Biologia, Administra\u00e7\u00e3o e Tecn\u00f3logo em Gest\u00e3o P\u00fablica; quatro (04)&hellip;","_links":{"self":[{"href":"https:\/\/proex.uepa.br\/index.php\/wp-json\/wp\/v2\/posts\/13","targetHints":{"allow":["GET"]}}],"collection":[{"href":"https:\/\/proex.uepa.br\/index.php\/wp-json\/wp\/v2\/posts"}],"about":[{"href":"https:\/\/proex.uepa.br\/index.php\/wp-json\/wp\/v2\/types\/post"}],"author":[{"embeddable":true,"href":"https:\/\/proex.uepa.br\/index.php\/wp-json\/wp\/v2\/users\/1"}],"replies":[{"embeddable":true,"href":"https:\/\/proex.uepa.br\/index.php\/wp-json\/wp\/v2\/comments?post=13"}],"version-history":[{"count":0,"href":"https:\/\/proex.uepa.br\/index.php\/wp-json\/wp\/v2\/posts\/13\/revisions"}],"wp:attachment":[{"href":"https:\/\/proex.uepa.br\/index.php\/wp-json\/wp\/v2\/media?parent=13"}],"wp:term":[{"taxonomy":"category","embeddable":true,"href":"https:\/\/proex.uepa.br\/index.php\/wp-json\/wp\/v2\/categories?post=13"},{"taxonomy":"post_tag","embeddable":true,"href":"https:\/\/proex.uepa.br\/index.php\/wp-json\/wp\/v2\/tags?post=13"}],"curies":[{"name":"wp","href":"https:\/\/api.w.org\/{rel}","templated":true}]}}