{"id":12,"date":"2014-07-30T12:35:19","date_gmt":"2014-07-30T12:35:19","guid":{"rendered":"https:\/\/proex.uepa.br\/index.php\/2014\/07\/30\/competencias\/"},"modified":"2014-07-30T12:35:19","modified_gmt":"2014-07-30T12:35:19","slug":"competencias","status":"publish","type":"post","link":"https:\/\/proex.uepa.br\/index.php\/competencias\/","title":{"rendered":"Compet\u00eancias"},"content":{"rendered":"<p style=\"text-align: justify;\"><span style=\"font-size: 12pt; line-height: 115%; font-family: 'Times New Roman', serif;\">As compet\u00eancias da PROEX\/UEPA est\u00e3o definidas no Estatuto Geral\/UEPA (1994) na Se\u00e7\u00e3o II que, em seu Art. 11, as define como elaborar, coordenar e supervisionar o Plano Diretor de Extens\u00e3o Universit\u00e1ria; coordenar e supervisionar as atividades de extens\u00e3o em articula\u00e7\u00e3o com os Centros; propor a defini\u00e7\u00e3o de pol\u00edticas de extens\u00e3o na Universidade do Estado do Par\u00e1; coordenar e supervisionar programas de extens\u00e3o, compreendendo forma\u00e7\u00e3o profissional e eventos culturais incentivar e apoiar as atividades extensionistas na Universidade do Estado do Par\u00e1; fomentar o estabelecimento de parcerias com a sociedade e institui\u00e7\u00f5es governamentais e n\u00e3o governamentais, visando ao desenvolvimento das atividades de extens\u00e3o; incentivar o Programa Art\u00edstico-Cultural da Universidade em articula\u00e7\u00e3o com os Centros, como N\u00facleo de Arte e Cultura (NAC) e com organismos culturais da sociedade; estabelecer pol\u00edtica de bolsas, est\u00edmulos e pr\u00eamios ao discente da gradua\u00e7\u00e3o.<\/span><\/p>\n","protected":false},"excerpt":{"rendered":"<p>As compet\u00eancias da PROEX\/UEPA est\u00e3o definidas no Estatuto Geral\/UEPA (1994) na Se\u00e7\u00e3o II que, em seu Art. 11, as define como elaborar, coordenar e supervisionar o Plano Diretor de Extens\u00e3o Universit\u00e1ria; coordenar e supervisionar as atividades de extens\u00e3o em articula\u00e7\u00e3o com os Centros; propor a defini\u00e7\u00e3o de pol\u00edticas de extens\u00e3o na Universidade do Estado do &hellip;<\/p>\n<p class=\"read-more\"> <a class=\"\" href=\"https:\/\/proex.uepa.br\/index.php\/competencias\/\"> <span class=\"screen-reader-text\">Compet\u00eancias<\/span> Leia mais &raquo;<\/a><\/p>\n","protected":false},"author":1,"featured_media":0,"comment_status":"open","ping_status":"open","sticky":false,"template":"","format":"standard","meta":{"_uag_custom_page_level_css":"","site-sidebar-layout":"default","site-content-layout":"","ast-site-content-layout":"","site-content-style":"default","site-sidebar-style":"default","ast-global-header-display":"","ast-banner-title-visibility":"","ast-main-header-display":"","ast-hfb-above-header-display":"","ast-hfb-below-header-display":"","ast-hfb-mobile-header-display":"","site-post-title":"","ast-breadcrumbs-content":"","ast-featured-img":"","footer-sml-layout":"","theme-transparent-header-meta":"","adv-header-id-meta":"","stick-header-meta":"","header-above-stick-meta":"","header-main-stick-meta":"","header-below-stick-meta":"","astra-migrate-meta-layouts":"","ast-page-background-enabled":"default","ast-page-background-meta":{"desktop":{"background-color":"var(--ast-global-color-4)","background-image":"","background-repeat":"repeat","background-position":"center center","background-size":"auto","background-attachment":"scroll","background-type":"","background-media":"","overlay-type":"","overlay-color":"","overlay-gradient":""},"tablet":{"background-color":"","background-image":"","background-repeat":"repeat","background-position":"center center","background-size":"auto","background-attachment":"scroll","background-type":"","background-media":"","overlay-type":"","overlay-color":"","overlay-gradient":""},"mobile":{"background-color":"","background-image":"","background-repeat":"repeat","background-position":"center center","background-size":"auto","background-attachment":"scroll","background-type":"","background-media":"","overlay-type":"","overlay-color":"","overlay-gradient":""}},"ast-content-background-meta":{"desktop":{"background-color":"var(--ast-global-color-5)","background-image":"","background-repeat":"repeat","background-position":"center center","background-size":"auto","background-attachment":"scroll","background-type":"","background-media":"","overlay-type":"","overlay-color":"","overlay-gradient":""},"tablet":{"background-color":"var(--ast-global-color-5)","background-image":"","background-repeat":"repeat","background-position":"center center","background-size":"auto","background-attachment":"scroll","background-type":"","background-media":"","overlay-type":"","overlay-color":"","overlay-gradient":""},"mobile":{"background-color":"var(--ast-global-color-5)","background-image":"","background-repeat":"repeat","background-position":"center center","background-size":"auto","background-attachment":"scroll","background-type":"","background-media":"","overlay-type":"","overlay-color":"","overlay-gradient":""}},"footnotes":""},"categories":[2],"tags":[],"class_list":["post-12","post","type-post","status-publish","format-standard","hentry","category-principal"],"uagb_featured_image_src":{"full":false,"thumbnail":false,"medium":false,"medium_large":false,"large":false,"1536x1536":false,"2048x2048":false},"uagb_author_info":{"display_name":"adminsites@uepa.br","author_link":"https:\/\/proex.uepa.br\/index.php\/author\/adminsitesuepa-br\/"},"uagb_comment_info":0,"uagb_excerpt":"As compet\u00eancias da PROEX\/UEPA est\u00e3o definidas no Estatuto Geral\/UEPA (1994) na Se\u00e7\u00e3o II que, em seu Art. 11, as define como elaborar, coordenar e supervisionar o Plano Diretor de Extens\u00e3o Universit\u00e1ria; coordenar e supervisionar as atividades de extens\u00e3o em articula\u00e7\u00e3o com os Centros; propor a defini\u00e7\u00e3o de pol\u00edticas de extens\u00e3o na Universidade do Estado do&hellip;","_links":{"self":[{"href":"https:\/\/proex.uepa.br\/index.php\/wp-json\/wp\/v2\/posts\/12","targetHints":{"allow":["GET"]}}],"collection":[{"href":"https:\/\/proex.uepa.br\/index.php\/wp-json\/wp\/v2\/posts"}],"about":[{"href":"https:\/\/proex.uepa.br\/index.php\/wp-json\/wp\/v2\/types\/post"}],"author":[{"embeddable":true,"href":"https:\/\/proex.uepa.br\/index.php\/wp-json\/wp\/v2\/users\/1"}],"replies":[{"embeddable":true,"href":"https:\/\/proex.uepa.br\/index.php\/wp-json\/wp\/v2\/comments?post=12"}],"version-history":[{"count":0,"href":"https:\/\/proex.uepa.br\/index.php\/wp-json\/wp\/v2\/posts\/12\/revisions"}],"wp:attachment":[{"href":"https:\/\/proex.uepa.br\/index.php\/wp-json\/wp\/v2\/media?parent=12"}],"wp:term":[{"taxonomy":"category","embeddable":true,"href":"https:\/\/proex.uepa.br\/index.php\/wp-json\/wp\/v2\/categories?post=12"},{"taxonomy":"post_tag","embeddable":true,"href":"https:\/\/proex.uepa.br\/index.php\/wp-json\/wp\/v2\/tags?post=12"}],"curies":[{"name":"wp","href":"https:\/\/api.w.org\/{rel}","templated":true}]}}